{"id":382,"date":"2015-07-13T10:27:53","date_gmt":"2015-07-13T08:27:53","guid":{"rendered":"http:\/\/socialesyhumanas.umh.es\/?p=382"},"modified":"2015-07-13T10:28:55","modified_gmt":"2015-07-13T08:28:55","slug":"estrategias-de-calidad-docente-en-el-vii-seminario-del-ccssyhh","status":"publish","type":"post","link":"https:\/\/socialesyhumanas.umh.es\/en\/2015\/07\/13\/estrategias-de-calidad-docente-en-el-vii-seminario-del-ccssyhh\/","title":{"rendered":"Estrategias de calidad docente en el VII Seminario del CCSSyHH"},"content":{"rendered":"<p>El Seminario del Departamento de Ciencias Sociales y Humanas de la UMH dedic\u00f3 su s\u00e9ptima edici\u00f3n al fomento de la calidad en la docencia. M\u00aa Asunci\u00f3n Mart\u00ednez Mayoral, Vicerrectora Adjunta de Investigaci\u00f3n e Innovaci\u00f3n para la Innovaci\u00f3n tecnol\u00f3gica, explic\u00f3 las claves de los programas que la universidad tiene en marcha para impulsar la innovaci\u00f3n en la educaci\u00f3n. En especial, la doctora en Matem\u00e1ticas y responsable de iniciativas como GoUmh o YouTubeUMH se centr\u00f3 en las actuaciones de la Convocatoria INNOVA+2015:<br \/>\n-Plan PLE, para el est\u00edmulo al aprendizaje.<br \/>\n-Plan DIVULGA, para la divulgaci\u00f3n de seminarios de excelencia.<br \/>\n-Plan EDU, para la difusi\u00f3n y promoci\u00f3n de t\u00edtulos oficiales.<br \/>\n-Plan INNOVA, para la innovaci\u00f3n y mejora docente.<br \/>\n-Plan EDITA UMH, para la generaci\u00f3n de recursos bibliogr\u00e1ficos.<br \/>\nA continuaci\u00f3n, los profesores del departamento compartieron sus experiencias positivas las materias que imparten:<br \/>\n-Ram\u00f3n Enrique C\u00e1novas: Teor\u00eda y pr\u00e1ctica en el medio radiof\u00f3nico<br \/>\n-Miguel Ors: Cinco a\u00f1os de trabajo con elche.me<br \/>\n-Montserrat Jurado: La organizaci\u00f3n de seminarios como recurso metodol\u00f3gico<br \/>\n-Isabel Gonz\u00e1lez: Planificaci\u00f3n de las pr\u00e1cticas de periodismo TV<br \/>\n-M\u00aa Carmen Ponce: An\u00e1lisis de piezas y programa radiof\u00f3nicos a trav\u00e9s de ejemplos pr\u00e1cticos reales<br \/>\n-Bego\u00f1a Ivars Nicol\u00e1s: Del aula a Sapiens, aprendizaje constructivista y estrategia por proyectos<br \/>\n-Salvador Giner: Metodolog\u00edas y experiencias en las pr\u00e1cticas audiovisuales<br \/>\n-Miguel Carvajal: Rookie, un espacio online para plasmar las reflexiones de los estudiantes<br \/>\n-F\u00e9lix Arias: Aplicaci\u00f3n pr\u00e1ctica de las nuevas herramientas digitales<br \/>\n-Irene Belmonte: Compartir aula y contenidos con otras universidades con Adobe connect<br \/>\n-Emilio Rosell\u00f3: El archivo fotogr\u00e1fico de Street View como recurso de exploraci\u00f3n<br \/>\n-Alicia de Lara: Cambio de roles en el aula<br \/>\n-Antonio Juan S\u00e1nchez: Documentos audiovisuales y acercamiento pr\u00e1ctico al campo profesional<br \/>\n-Roc\u00edo Cifuentes: Exposici\u00f3n, repositorio en Issuu y materiales adicionales<br \/>\n-Jos\u00e9 Alberto Garc\u00eda Avil\u00e9s: Estrategia para que los alumnos participen en clase<br \/>\n-Antonio Miguel Nogu\u00e9s: La autoevaluaci\u00f3n como instrumento de responsabilidad<br \/>\n-Purificaci\u00f3n Heras: Cine-forum en el aula<br \/>\n-Jos\u00e9 Luis Gonz\u00e1lez: Desarrollo de proyectos de producci\u00f3n period\u00edstica especializada<br \/>\n<a href=\"https:\/\/socialesyhumanas.umh.es\/files\/2015\/07\/IMG_5067.jpg\"><img loading=\"lazy\" src=\"https:\/\/socialesyhumanas.umh.es\/files\/2015\/07\/IMG_5067-300x200.jpg\" alt=\"IMG_5067\" width=\"300\" height=\"200\" class=\"alignnone size-medium wp-image-383\" srcset=\"https:\/\/socialesyhumanas.umh.es\/files\/2015\/07\/IMG_5067-300x200.jpg 300w, https:\/\/socialesyhumanas.umh.es\/files\/2015\/07\/IMG_5067-1024x682.jpg 1024w\" sizes=\"(max-width: 300px) 100vw, 300px\" \/><\/a><\/p>\n<p><a href=\"https:\/\/socialesyhumanas.umh.es\/files\/2015\/07\/IMG_5080.jpg\"><img loading=\"lazy\" src=\"https:\/\/socialesyhumanas.umh.es\/files\/2015\/07\/IMG_5080-300x200.jpg\" alt=\"IMG_5080\" width=\"300\" height=\"200\" class=\"alignnone size-medium wp-image-384\" srcset=\"https:\/\/socialesyhumanas.umh.es\/files\/2015\/07\/IMG_5080-300x200.jpg 300w, https:\/\/socialesyhumanas.umh.es\/files\/2015\/07\/IMG_5080-1024x682.jpg 1024w\" sizes=\"(max-width: 300px) 100vw, 300px\" \/><\/a><\/p>\n<p><a href=\"https:\/\/socialesyhumanas.umh.es\/files\/2015\/07\/IMG_5074.jpg\"><img loading=\"lazy\" src=\"https:\/\/socialesyhumanas.umh.es\/files\/2015\/07\/IMG_5074-300x200.jpg\" alt=\"IMG_5074\" width=\"300\" height=\"200\" class=\"alignnone size-medium wp-image-385\" srcset=\"https:\/\/socialesyhumanas.umh.es\/files\/2015\/07\/IMG_5074-300x200.jpg 300w, https:\/\/socialesyhumanas.umh.es\/files\/2015\/07\/IMG_5074-1024x682.jpg 1024w\" sizes=\"(max-width: 300px) 100vw, 300px\" \/><\/a><\/p>\n<p><a href=\"https:\/\/socialesyhumanas.umh.es\/files\/2015\/07\/IMG_5075.jpg\"><img loading=\"lazy\" src=\"https:\/\/socialesyhumanas.umh.es\/files\/2015\/07\/IMG_5075-300x200.jpg\" alt=\"IMG_5075\" width=\"300\" height=\"200\" class=\"alignnone size-medium wp-image-386\" srcset=\"https:\/\/socialesyhumanas.umh.es\/files\/2015\/07\/IMG_5075-300x200.jpg 300w, https:\/\/socialesyhumanas.umh.es\/files\/2015\/07\/IMG_5075-1024x682.jpg 1024w\" sizes=\"(max-width: 300px) 100vw, 300px\" \/><\/a><br \/>\n<\/p>\n<div class='bookmarkify'><a name='bookmarkify'><\/a><link rel='stylesheet' type='text\/css' href='https:\/\/socialesyhumanas.umh.es\/wp-content\/plugins\/bookmarkify\/more.css' \/><div class='bookmarkifyMoreWindow' id='bookmarkifyMore1' style='display:none;position:absolute;'><div class='bookmarkifyMoreWindowHeader'><a rel='nofollow' href='https:\/\/socialesyhumanas.umh.es\/en\/2015\/07\/13\/estrategias-de-calidad-docente-en-el-vii-seminario-del-ccssyhh\/#bookmarkify' onclick='document.getElementById(\"bookmarkifyMore1\").style.display=\"none\"; return false;'>Close<span class='bookmarkifyCloseIcon' style='background-image: url(https:\/\/socialesyhumanas.umh.es\/wp-content\/plugins\/bookmarkify\/imagecol.png); background-position:0px -1037px;'>&nbsp;<\/span><\/a>Bookmark and Share This Page <\/div><div class='bookmarkifySaveToBrowser'><a rel='nofollow' href='https:\/\/socialesyhumanas.umh.es\/en\/2015\/07\/13\/estrategias-de-calidad-docente-en-el-vii-seminario-del-ccssyhh\/#bookmarkify' onclick='javascript:if(document.all){window.external.AddFavorite(\"https:\/\/socialesyhumanas.umh.es\/en\/2015\/07\/13\/estrategias-de-calidad-docente-en-el-vii-seminario-del-ccssyhh\/\", \"Estrategias de calidad docente en el VII Seminario del CCSSyHH\");} else if(window.sidebar){window.sidebar.addPanel(\"Estrategias de calidad docente en el VII Seminario del CCSSyHH\", \"https:\/\/socialesyhumanas.umh.es\/en\/2015\/07\/13\/estrategias-de-calidad-docente-en-el-vii-seminario-del-ccssyhh\/\", \"\");}return false;' style='background-image: url(https:\/\/socialesyhumanas.umh.es\/wp-content\/plugins\/bookmarkify\/imagecol.png); background-position:0px -986px;'>Save to Browser Favorites \/ Bookmarks<\/a><\/div><div class='bookmarkifySiteLinks'><table cellspacing='3'><tr><td><div class='bookmarkifySiteLink'><a onclick='target=\"_blank\";' href='http:\/\/myjeeves.ask.com\/mysearch\/BookmarkIt?v=1.2&amp;t=webpages&amp;url=https:\/\/socialesyhumanas.umh.es\/en\/2015\/07\/13\/estrategias-de-calidad-docente-en-el-vii-seminario-del-ccssyhh\/&amp;title=Estrategias de calidad docente en el VII Seminario del CCSSyHH' title='Save to Ask' rel='nofollow' style='background-image: url(https:\/\/socialesyhumanas.umh.es\/wp-content\/plugins\/bookmarkify\/imagecol.png); background-position:0px -0px'>Ask<\/a><\/div><div class='bookmarkifySiteLink'><a onclick='target=\"_blank\";' href='http:\/\/www.backflip.com\/add_page_pop.ihtml?url=https:\/\/socialesyhumanas.umh.es\/en\/2015\/07\/13\/estrategias-de-calidad-docente-en-el-vii-seminario-del-ccssyhh\/&amp;title=Estrategias de calidad docente en el VII Seminario del CCSSyHH' title='Save to backflip' rel='nofollow' style='background-image: url(https:\/\/socialesyhumanas.umh.es\/wp-content\/plugins\/bookmarkify\/imagecol.png); background-position:0px -17px'>backflip<\/a><\/div><div class='bookmarkifySiteLink'><a onclick='target=\"_blank\";' href='http:\/\/blinklist.com\/index.php?Action=Blink\/addblink.php&amp;Url=https:\/\/socialesyhumanas.umh.es\/en\/2015\/07\/13\/estrategias-de-calidad-docente-en-el-vii-seminario-del-ccssyhh\/&amp;Title=Estrategias de calidad docente en el VII Seminario del CCSSyHH' title='Save to blinklist' rel='nofollow' style='background-image: url(https:\/\/socialesyhumanas.umh.es\/wp-content\/plugins\/bookmarkify\/imagecol.png); background-position:0px -34px'>blinklist<\/a><\/div><div class='bookmarkifySiteLink'><a onclick='target=\"_blank\";' href='http:\/\/www.blogbookmark.com\/submit.php?url=https:\/\/socialesyhumanas.umh.es\/en\/2015\/07\/13\/estrategias-de-calidad-docente-en-el-vii-seminario-del-ccssyhh\/' title='Save to BlogBookmark' rel='nofollow' style='background-image: url(https:\/\/socialesyhumanas.umh.es\/wp-content\/plugins\/bookmarkify\/imagecol.png); background-position:0px -51px'>BlogBookmark<\/a><\/div><div class='bookmarkifySiteLink'><a onclick='target=\"_blank\";' href='http:\/\/www.bloglines.com\/sub\/https:\/\/socialesyhumanas.umh.es\/en\/2015\/07\/13\/estrategias-de-calidad-docente-en-el-vii-seminario-del-ccssyhh\/' title='Save to Bloglines' rel='nofollow' style='background-image: url(https:\/\/socialesyhumanas.umh.es\/wp-content\/plugins\/bookmarkify\/imagecol.png); background-position:0px -68px'>Bloglines<\/a><\/div><div class='bookmarkifySiteLink'><a onclick='target=\"_blank\";' href='http:\/\/blogmarks.net\/my\/new.php?mini=1&amp;simple=1&amp;url=https:\/\/socialesyhumanas.umh.es\/en\/2015\/07\/13\/estrategias-de-calidad-docente-en-el-vii-seminario-del-ccssyhh\/&amp;title=Estrategias de calidad docente en el VII Seminario del CCSSyHH' title='Save to BlogMarks' rel='nofollow' style='background-image: url(https:\/\/socialesyhumanas.umh.es\/wp-content\/plugins\/bookmarkify\/imagecol.png); background-position:0px -85px'>BlogMarks<\/a><\/div><div class='bookmarkifySiteLink'><a onclick='target=\"_blank\";' href='http:\/\/www.blogsvine.com\/submit.php?url=https:\/\/socialesyhumanas.umh.es\/en\/2015\/07\/13\/estrategias-de-calidad-docente-en-el-vii-seminario-del-ccssyhh\/' title='Save to Blogsvine' rel='nofollow' style='background-image: url(https:\/\/socialesyhumanas.umh.es\/wp-content\/plugins\/bookmarkify\/imagecol.png); background-position:0px -102px'>Blogsvine<\/a><\/div><div class='bookmarkifySiteLink'><a onclick='target=\"_blank\";' href='http:\/\/www.buddymarks.com\/add_bookmark.php?bookmark_title=Estrategias de calidad docente en el VII Seminario del CCSSyHH&amp;bookmark_url=https:\/\/socialesyhumanas.umh.es\/en\/2015\/07\/13\/estrategias-de-calidad-docente-en-el-vii-seminario-del-ccssyhh\/' title='BuddyMark It' rel='nofollow' style='background-image: url(https:\/\/socialesyhumanas.umh.es\/wp-content\/plugins\/bookmarkify\/imagecol.png); background-position:0px -119px'>BuddyMarks<\/a><\/div><div class='bookmarkifySiteLink'><a onclick='target=\"_blank\";' href='http:\/\/www.bumpzee.com\/bump.php?u=https:\/\/socialesyhumanas.umh.es\/en\/2015\/07\/13\/estrategias-de-calidad-docente-en-el-vii-seminario-del-ccssyhh\/' title='Save to BUMPzee!' rel='nofollow' style='background-image: url(https:\/\/socialesyhumanas.umh.es\/wp-content\/plugins\/bookmarkify\/imagecol.png); background-position:0px -136px'>BUMPzee!<\/a><\/div><div class='bookmarkifySiteLink'><a onclick='target=\"_blank\";' href='http:\/\/www.citeulike.org\/posturl?url=https:\/\/socialesyhumanas.umh.es\/en\/2015\/07\/13\/estrategias-de-calidad-docente-en-el-vii-seminario-del-ccssyhh\/&amp;title=Estrategias de calidad docente en el VII Seminario del CCSSyHH' title='Save to CiteULike' rel='nofollow' style='background-image: url(https:\/\/socialesyhumanas.umh.es\/wp-content\/plugins\/bookmarkify\/imagecol.png); background-position:0px -153px'>CiteULike<\/a><\/div><div class='bookmarkifySiteLink'><a onclick='target=\"_blank\";' href='http:\/\/www.connotea.org\/addpopup?continue=confirm&amp;uri=https:\/\/socialesyhumanas.umh.es\/en\/2015\/07\/13\/estrategias-de-calidad-docente-en-el-vii-seminario-del-ccssyhh\/&amp;title=Estrategias de calidad docente en el VII Seminario del CCSSyHH' title='Save to Connotea' rel='nofollow' style='background-image: url(https:\/\/socialesyhumanas.umh.es\/wp-content\/plugins\/bookmarkify\/imagecol.png); background-position:0px -187px'>Connotea<\/a><\/div><div class='bookmarkifySiteLink'><a onclick='target=\"_blank\";' href='http:\/\/del.icio.us\/post?url=https:\/\/socialesyhumanas.umh.es\/en\/2015\/07\/13\/estrategias-de-calidad-docente-en-el-vii-seminario-del-ccssyhh\/&amp;title=Estrategias de calidad docente en el VII Seminario del CCSSyHH' title='Save to del.icio.us' rel='nofollow' style='background-image: url(https:\/\/socialesyhumanas.umh.es\/wp-content\/plugins\/bookmarkify\/imagecol.png); background-position:0px -204px'>del.icio.us<\/a><\/div><\/td><td><div class='bookmarkifySiteLink'><a onclick='target=\"_blank\";' href='http:\/\/digg.com\/submit?phase=2&amp;url=https:\/\/socialesyhumanas.umh.es\/en\/2015\/07\/13\/estrategias-de-calidad-docente-en-el-vii-seminario-del-ccssyhh\/&amp;title=Estrategias de calidad docente en el VII Seminario del CCSSyHH' title='Digg It!' rel='nofollow' style='background-image: url(https:\/\/socialesyhumanas.umh.es\/wp-content\/plugins\/bookmarkify\/imagecol.png); background-position:0px -221px'>Digg<\/a><\/div><div class='bookmarkifySiteLink'><a onclick='target=\"_blank\";' href='http:\/\/www.diigo.com\/post?url=https:\/\/socialesyhumanas.umh.es\/en\/2015\/07\/13\/estrategias-de-calidad-docente-en-el-vii-seminario-del-ccssyhh\/&amp;title=Estrategias de calidad docente en el VII Seminario del CCSSyHH' title='Save to diigo' rel='nofollow' style='background-image: url(https:\/\/socialesyhumanas.umh.es\/wp-content\/plugins\/bookmarkify\/imagecol.png); background-position:0px -238px'>diigo<\/a><\/div><div class='bookmarkifySiteLink'><a onclick='target=\"_blank\";' href='http:\/\/www.dotnetkicks.com\/kick\/?url=https:\/\/socialesyhumanas.umh.es\/en\/2015\/07\/13\/estrategias-de-calidad-docente-en-el-vii-seminario-del-ccssyhh\/&amp;title=Estrategias de calidad docente en el VII Seminario del CCSSyHH' title='Save to DotNetKicks' rel='nofollow' style='background-image: url(https:\/\/socialesyhumanas.umh.es\/wp-content\/plugins\/bookmarkify\/imagecol.png); background-position:0px -255px'>DotNetKicks<\/a><\/div><div class='bookmarkifySiteLink'><a onclick='target=\"_blank\";' href='http:\/\/www.dropjack.com\/submit.php?url=https:\/\/socialesyhumanas.umh.es\/en\/2015\/07\/13\/estrategias-de-calidad-docente-en-el-vii-seminario-del-ccssyhh\/' title='Save to DropJack' rel='nofollow' style='background-image: url(https:\/\/socialesyhumanas.umh.es\/wp-content\/plugins\/bookmarkify\/imagecol.png); background-position:0px -272px'>DropJack<\/a><\/div><div class='bookmarkifySiteLink'><a onclick='target=\"_blank\";' href='http:\/\/www.dzone.com\/links\/add.html?description=Estrategias de calidad docente en el VII Seminario del CCSSyHH&amp;url=https:\/\/socialesyhumanas.umh.es\/en\/2015\/07\/13\/estrategias-de-calidad-docente-en-el-vii-seminario-del-ccssyhh\/&amp;title=Estrategias de calidad docente en el VII Seminario del CCSSyHH' title='Save to dzone' rel='nofollow' style='background-image: url(https:\/\/socialesyhumanas.umh.es\/wp-content\/plugins\/bookmarkify\/imagecol.png); background-position:0px -289px'>dzone<\/a><\/div><div class='bookmarkifySiteLink'><a onclick='target=\"_blank\";' href='http:\/\/www.facebook.com\/share.php?u=https:\/\/socialesyhumanas.umh.es\/en\/2015\/07\/13\/estrategias-de-calidad-docente-en-el-vii-seminario-del-ccssyhh\/' title='Save to Facebook' rel='nofollow' style='background-image: url(https:\/\/socialesyhumanas.umh.es\/wp-content\/plugins\/bookmarkify\/imagecol.png); background-position:0px -306px'>Facebook<\/a><\/div><div class='bookmarkifySiteLink'><a onclick='target=\"_blank\";' href='http:\/\/cgi.fark.com\/cgi\/fark\/farkit.pl?u=https:\/\/socialesyhumanas.umh.es\/en\/2015\/07\/13\/estrategias-de-calidad-docente-en-el-vii-seminario-del-ccssyhh\/&amp;h=Estrategias de calidad docente en el VII Seminario del CCSSyHH' title='FarkIt!' rel='nofollow' style='background-image: url(https:\/\/socialesyhumanas.umh.es\/wp-content\/plugins\/bookmarkify\/imagecol.png); background-position:0px -323px'>Fark<\/a><\/div><div class='bookmarkifySiteLink'><a onclick='target=\"_blank\";' href='http:\/\/faves.com\/Authoring.aspx?u=https:\/\/socialesyhumanas.umh.es\/en\/2015\/07\/13\/estrategias-de-calidad-docente-en-el-vii-seminario-del-ccssyhh\/&amp;t=Estrategias de calidad docente en el VII Seminario del CCSSyHH' title='Save to Faves' rel='nofollow' style='background-image: url(https:\/\/socialesyhumanas.umh.es\/wp-content\/plugins\/bookmarkify\/imagecol.png); background-position:0px -340px'>Faves<\/a><\/div><div class='bookmarkifySiteLink'><a onclick='target=\"_blank\";' href='http:\/\/friendsite.com\/users\/bookmark\/?u=https:\/\/socialesyhumanas.umh.es\/en\/2015\/07\/13\/estrategias-de-calidad-docente-en-el-vii-seminario-del-ccssyhh\/&amp;t=Estrategias de calidad docente en el VII Seminario del CCSSyHH' title='Save to Friendsite' rel='nofollow' style='background-image: url(https:\/\/socialesyhumanas.umh.es\/wp-content\/plugins\/bookmarkify\/imagecol.png); background-position:0px -391px'>Friendsite<\/a><\/div><div class='bookmarkifySiteLink'><a onclick='target=\"_blank\";' href='http:\/\/www.folkd.com\/submit\/https:\/\/socialesyhumanas.umh.es\/en\/2015\/07\/13\/estrategias-de-calidad-docente-en-el-vii-seminario-del-ccssyhh\/' title='Save to folkd.com' rel='nofollow' style='background-image: url(https:\/\/socialesyhumanas.umh.es\/wp-content\/plugins\/bookmarkify\/imagecol.png); background-position:0px -374px'>folkd.com<\/a><\/div><div class='bookmarkifySiteLink'><a onclick='target=\"_blank\";' href='http:\/\/www.furl.net\/storeIt.jsp?u=https:\/\/socialesyhumanas.umh.es\/en\/2015\/07\/13\/estrategias-de-calidad-docente-en-el-vii-seminario-del-ccssyhh\/&amp;t=Estrategias de calidad docente en el VII Seminario del CCSSyHH' title='Save to Furl' rel='nofollow' style='background-image: url(https:\/\/socialesyhumanas.umh.es\/wp-content\/plugins\/bookmarkify\/imagecol.png); background-position:0px -408px'>Furl<\/a><\/div><div class='bookmarkifySiteLink'><a onclick='target=\"_blank\";' href='http:\/\/www.google.com\/bookmarks\/mark?op=edit&amp;output=popup&amp;bkmk=https:\/\/socialesyhumanas.umh.es\/en\/2015\/07\/13\/estrategias-de-calidad-docente-en-el-vii-seminario-del-ccssyhh\/&amp;title=Estrategias de calidad docente en el VII Seminario del CCSSyHH' title='Save to Google Bookmarks' rel='nofollow' style='background-image: url(https:\/\/socialesyhumanas.umh.es\/wp-content\/plugins\/bookmarkify\/imagecol.png); background-position:0px -425px'>Google<\/a><\/div><\/td><td><div class='bookmarkifySiteLink'><a onclick='target=\"_blank\";' href='http:\/\/www.jamespot.com\/?action=spotit&url=https:\/\/socialesyhumanas.umh.es\/en\/2015\/07\/13\/estrategias-de-calidad-docente-en-el-vii-seminario-del-ccssyhh\/' title='Spot It!' rel='nofollow' style='background-image: url(https:\/\/socialesyhumanas.umh.es\/wp-content\/plugins\/bookmarkify\/imagecol.png); background-position:0px -1122px'>Jamespot<\/a><\/div><div class='bookmarkifySiteLink'><a onclick='target=\"_blank\";' href='http:\/\/www.jeqq.com\/submit.php?url==https:\/\/socialesyhumanas.umh.es\/en\/2015\/07\/13\/estrategias-de-calidad-docente-en-el-vii-seminario-del-ccssyhh\/&amp;title=Estrategias de calidad docente en el VII Seminario del CCSSyHH' title='Save to Jeqq' rel='nofollow' style='background-image: url(https:\/\/socialesyhumanas.umh.es\/wp-content\/plugins\/bookmarkify\/imagecol.png); background-position:0px -459px'>Jeqq<\/a><\/div><div class='bookmarkifySiteLink'><a onclick='target=\"_blank\";' href='http:\/\/www.kaboodle.com\/za\/selectpage?p_pop=false&amp;pa=url&amp;u=https:\/\/socialesyhumanas.umh.es\/en\/2015\/07\/13\/estrategias-de-calidad-docente-en-el-vii-seminario-del-ccssyhh\/' title='Save to Kaboodle' rel='nofollow' style='background-image: url(https:\/\/socialesyhumanas.umh.es\/wp-content\/plugins\/bookmarkify\/imagecol.png); background-position:0px -476px'>Kaboodle<\/a><\/div><div class='bookmarkifySiteLink'><a onclick='target=\"_blank\";' href='http:\/\/www.kirtsy.com\/submit.php?url=https:\/\/socialesyhumanas.umh.es\/en\/2015\/07\/13\/estrategias-de-calidad-docente-en-el-vii-seminario-del-ccssyhh\/' title='Save to kirtsy' rel='nofollow' style='background-image: url(https:\/\/socialesyhumanas.umh.es\/wp-content\/plugins\/bookmarkify\/imagecol.png); background-position:0px -493px'>kirtsy<\/a><\/div><div class='bookmarkifySiteLink'><a onclick='target=\"_blank\";' href='http:\/\/www.linkagogo.com\/go\/AddNoPopup?url=https:\/\/socialesyhumanas.umh.es\/en\/2015\/07\/13\/estrategias-de-calidad-docente-en-el-vii-seminario-del-ccssyhh\/&amp;title=Estrategias de calidad docente en el VII Seminario del CCSSyHH' title='Save to linkaGoGo' rel='nofollow' style='background-image: url(https:\/\/socialesyhumanas.umh.es\/wp-content\/plugins\/bookmarkify\/imagecol.png); background-position:0px -510px'>linkaGoGo<\/a><\/div><div class='bookmarkifySiteLink'><a onclick='target=\"_blank\";' href='http:\/\/www.linkedin.com\/shareArticle?mini=true&url=https:\/\/socialesyhumanas.umh.es\/en\/2015\/07\/13\/estrategias-de-calidad-docente-en-el-vii-seminario-del-ccssyhh\/&title=Estrategias de calidad docente en el VII Seminario del CCSSyHH' title='Share on LinkedIn' rel='nofollow' style='background-image: url(https:\/\/socialesyhumanas.umh.es\/wp-content\/plugins\/bookmarkify\/imagecol.png); background-position:0px -1155px'>LinkedIn<\/a><\/div><div class='bookmarkifySiteLink'><a onclick='target=\"_blank\";' href='http:\/\/ma.gnolia.com\/bookmarklet\/add?url=https:\/\/socialesyhumanas.umh.es\/en\/2015\/07\/13\/estrategias-de-calidad-docente-en-el-vii-seminario-del-ccssyhh\/&amp;title=Estrategias de calidad docente en el VII Seminario del CCSSyHH' title='Save to Ma.gnolia' rel='nofollow' style='background-image: url(https:\/\/socialesyhumanas.umh.es\/wp-content\/plugins\/bookmarkify\/imagecol.png); background-position:0px -544px'>Ma.gnolia<\/a><\/div><div class='bookmarkifySiteLink'><a onclick='target=\"_blank\";' href='http:\/\/www.mister-wong.com\/index.php?action=addurl&amp;bm_url=https:\/\/socialesyhumanas.umh.es\/en\/2015\/07\/13\/estrategias-de-calidad-docente-en-el-vii-seminario-del-ccssyhh\/&amp;bm_description=Estrategias de calidad docente en el VII Seminario del CCSSyHH' title='Save to Mister Wong' rel='nofollow' style='background-image: url(https:\/\/socialesyhumanas.umh.es\/wp-content\/plugins\/bookmarkify\/imagecol.png); background-position:0px -561px'>Mister Wong<\/a><\/div><div class='bookmarkifySiteLink'><a onclick='target=\"_blank\";' href='http:\/\/www.mixx.com\/submit?page_url=https:\/\/socialesyhumanas.umh.es\/en\/2015\/07\/13\/estrategias-de-calidad-docente-en-el-vii-seminario-del-ccssyhh\/' title='Save to Mixx' rel='nofollow' style='background-image: url(https:\/\/socialesyhumanas.umh.es\/wp-content\/plugins\/bookmarkify\/imagecol.png); background-position:0px -578px'>Mixx<\/a><\/div><div class='bookmarkifySiteLink'><a onclick='target=\"_blank\";' href='http:\/\/www.myspace.com\/Modules\/PostTo\/Pages\/?c=https:\/\/socialesyhumanas.umh.es\/en\/2015\/07\/13\/estrategias-de-calidad-docente-en-el-vii-seminario-del-ccssyhh\/&amp;t=Estrategias de calidad docente en el VII Seminario del CCSSyHH' title='Save to MySpace' rel='nofollow' style='background-image: url(https:\/\/socialesyhumanas.umh.es\/wp-content\/plugins\/bookmarkify\/imagecol.png); background-position:0px -595px'>MySpace<\/a><\/div><div class='bookmarkifySiteLink'><a onclick='target=\"_blank\";' href='http:\/\/www.netvouz.com\/action\/submitBookmark?url=https:\/\/socialesyhumanas.umh.es\/en\/2015\/07\/13\/estrategias-de-calidad-docente-en-el-vii-seminario-del-ccssyhh\/&amp;title=Estrategias de calidad docente en el VII Seminario del CCSSyHH&amp;popup=no' title='Save to Netvouz' rel='nofollow' style='background-image: url(https:\/\/socialesyhumanas.umh.es\/wp-content\/plugins\/bookmarkify\/imagecol.png); background-position:0px -629px'>Netvouz<\/a><\/div><div class='bookmarkifySiteLink'><a onclick='target=\"_blank\";' href='http:\/\/www.newsvine.com\/_tools\/seed?popoff=0&amp;u=https:\/\/socialesyhumanas.umh.es\/en\/2015\/07\/13\/estrategias-de-calidad-docente-en-el-vii-seminario-del-ccssyhh\/' title='Seed Newsvine' rel='nofollow' style='background-image: url(https:\/\/socialesyhumanas.umh.es\/wp-content\/plugins\/bookmarkify\/imagecol.png); background-position:0px -646px'>Newsvine<\/a><\/div><\/td><td><div class='bookmarkifySiteLink'><a onclick='target=\"_blank\";' href='http:\/\/www.oneview.com\/quickadd\/neu\/addBookmark.jsf?URL=https:\/\/socialesyhumanas.umh.es\/en\/2015\/07\/13\/estrategias-de-calidad-docente-en-el-vii-seminario-del-ccssyhh\/&amp;title=Estrategias de calidad docente en el VII Seminario del CCSSyHH' title='Save to oneview' rel='nofollow' style='background-image: url(https:\/\/socialesyhumanas.umh.es\/wp-content\/plugins\/bookmarkify\/imagecol.png); background-position:0px -1054px'>oneview<\/a><\/div><div class='bookmarkifySiteLink'><a onclick='target=\"_blank\";' href='http:\/\/www.onlywire.com\/submit?u=https:\/\/socialesyhumanas.umh.es\/en\/2015\/07\/13\/estrategias-de-calidad-docente-en-el-vii-seminario-del-ccssyhh\/&amp;t=Estrategias de calidad docente en el VII Seminario del CCSSyHH' title='Save to OnlyWire' rel='nofollow' style='background-image: url(https:\/\/socialesyhumanas.umh.es\/wp-content\/plugins\/bookmarkify\/imagecol.png); background-position:0px -1071px'>OnlyWire<\/a><\/div><div class='bookmarkifySiteLink'><a onclick='target=\"_blank\";' href='http:\/\/www.plugim.com\/submit?url=https:\/\/socialesyhumanas.umh.es\/en\/2015\/07\/13\/estrategias-de-calidad-docente-en-el-vii-seminario-del-ccssyhh\/&amp;title=Estrategias de calidad docente en el VII Seminario del CCSSyHH' title='Promote on PlugIM' rel='nofollow' style='background-image: url(https:\/\/socialesyhumanas.umh.es\/wp-content\/plugins\/bookmarkify\/imagecol.png); background-position:0px -663px'>PlugIM<\/a><\/div><div class='bookmarkifySiteLink'><a onclick='target=\"_blank\";' href='http:\/\/www.propeller.com\/submit\/?U=https:\/\/socialesyhumanas.umh.es\/en\/2015\/07\/13\/estrategias-de-calidad-docente-en-el-vii-seminario-del-ccssyhh\/&amp;T=Estrategias de calidad docente en el VII Seminario del CCSSyHH' title='Submit to Propeller' rel='nofollow' style='background-image: url(https:\/\/socialesyhumanas.umh.es\/wp-content\/plugins\/bookmarkify\/imagecol.png); background-position:0px -697px'>Propeller<\/a><\/div><div class='bookmarkifySiteLink'><a onclick='target=\"_blank\";' href='http:\/\/reddit.com\/submit?url=https:\/\/socialesyhumanas.umh.es\/en\/2015\/07\/13\/estrategias-de-calidad-docente-en-el-vii-seminario-del-ccssyhh\/&amp;title=Estrategias de calidad docente en el VII Seminario del CCSSyHH' title='Reddit' rel='nofollow' style='background-image: url(https:\/\/socialesyhumanas.umh.es\/wp-content\/plugins\/bookmarkify\/imagecol.png); background-position:0px -714px'>Reddit<\/a><\/div><div class='bookmarkifySiteLink'><a onclick='target=\"_blank\";' href='http:\/\/segnalo.com\/post.html.php?url=https:\/\/socialesyhumanas.umh.es\/en\/2015\/07\/13\/estrategias-de-calidad-docente-en-el-vii-seminario-del-ccssyhh\/&amp;title=Estrategias de calidad docente en el VII Seminario del CCSSyHH' title='Save to Segnalo' rel='nofollow' style='background-image: url(https:\/\/socialesyhumanas.umh.es\/wp-content\/plugins\/bookmarkify\/imagecol.png); background-position:0px -748px'>Segnalo<\/a><\/div><div class='bookmarkifySiteLink'><a onclick='target=\"_blank\";' href='http:\/\/www.shoutwire.com\/?p=submit&amp;link=https:\/\/socialesyhumanas.umh.es\/en\/2015\/07\/13\/estrategias-de-calidad-docente-en-el-vii-seminario-del-ccssyhh\/' title='Shout It!' rel='nofollow' style='background-image: url(https:\/\/socialesyhumanas.umh.es\/wp-content\/plugins\/bookmarkify\/imagecol.png); background-position:0px -765px'>Shoutwire<\/a><\/div><div class='bookmarkifySiteLink'><a onclick='target=\"_blank\";' href='http:\/\/www.simpy.com\/simpy\/LinkAdd.do?href=https:\/\/socialesyhumanas.umh.es\/en\/2015\/07\/13\/estrategias-de-calidad-docente-en-el-vii-seminario-del-ccssyhh\/&amp;title=Estrategias de calidad docente en el VII Seminario del CCSSyHH' title='Save to Simpy' rel='nofollow' style='background-image: url(https:\/\/socialesyhumanas.umh.es\/wp-content\/plugins\/bookmarkify\/imagecol.png); background-position:0px -782px'>Simpy<\/a><\/div><div class='bookmarkifySiteLink'><a onclick='target=\"_blank\";' href='http:\/\/slashdot.org\/bookmark.pl?url=https:\/\/socialesyhumanas.umh.es\/en\/2015\/07\/13\/estrategias-de-calidad-docente-en-el-vii-seminario-del-ccssyhh\/&amp;title=Estrategias de calidad docente en el VII Seminario del CCSSyHH' title='Slashdot It!' rel='nofollow' style='background-image: url(https:\/\/socialesyhumanas.umh.es\/wp-content\/plugins\/bookmarkify\/imagecol.png); background-position:0px -799px'>Slashdot<\/a><\/div><div class='bookmarkifySiteLink'><a onclick='target=\"_blank\";' href='http:\/\/www.surphace.com\/search?q=sphereit:https:\/\/socialesyhumanas.umh.es\/en\/2015\/07\/13\/estrategias-de-calidad-docente-en-el-vii-seminario-del-ccssyhh\/&amp;title=Estrategias de calidad docente en el VII Seminario del CCSSyHH' title='Save to Surphace' rel='nofollow' style='background-image: url(https:\/\/socialesyhumanas.umh.es\/wp-content\/plugins\/bookmarkify\/imagecol.png); background-position:0px -816px'>Surphace<\/a><\/div><div class='bookmarkifySiteLink'><a onclick='target=\"_blank\";' href='http:\/\/sphinn.com\/submit.php?url=https:\/\/socialesyhumanas.umh.es\/en\/2015\/07\/13\/estrategias-de-calidad-docente-en-el-vii-seminario-del-ccssyhh\/&amp;title=Estrategias de calidad docente en el VII Seminario del CCSSyHH' title='Sphinn' rel='nofollow' style='background-image: url(https:\/\/socialesyhumanas.umh.es\/wp-content\/plugins\/bookmarkify\/imagecol.png); background-position:0px -833px'>Sphinn<\/a><\/div><div class='bookmarkifySiteLink'><a onclick='target=\"_blank\";' href='http:\/\/www.spurl.net\/spurl.php?url=https:\/\/socialesyhumanas.umh.es\/en\/2015\/07\/13\/estrategias-de-calidad-docente-en-el-vii-seminario-del-ccssyhh\/&amp;title=Estrategias de calidad docente en el VII Seminario del CCSSyHH' title='Save to Spurl' rel='nofollow' style='background-image: url(https:\/\/socialesyhumanas.umh.es\/wp-content\/plugins\/bookmarkify\/imagecol.png); background-position:0px -850px'>Spurl<\/a><\/div><\/td><td><div class='bookmarkifySiteLink'><a onclick='target=\"_blank\";' href='http:\/\/www.squidoo.com\/lensmaster\/bookmark?https:\/\/socialesyhumanas.umh.es\/en\/2015\/07\/13\/estrategias-de-calidad-docente-en-el-vii-seminario-del-ccssyhh\/' title='Save to Squidoo' rel='nofollow' style='background-image: url(https:\/\/socialesyhumanas.umh.es\/wp-content\/plugins\/bookmarkify\/imagecol.png); background-position:0px -867px'>Squidoo<\/a><\/div><div class='bookmarkifySiteLink'><a onclick='target=\"_blank\";' href='http:\/\/www.stumbleupon.com\/submit?url=https:\/\/socialesyhumanas.umh.es\/en\/2015\/07\/13\/estrategias-de-calidad-docente-en-el-vii-seminario-del-ccssyhh\/&amp;title=Estrategias de calidad docente en el VII Seminario del CCSSyHH' title='Stumble It!' rel='nofollow' style='background-image: url(https:\/\/socialesyhumanas.umh.es\/wp-content\/plugins\/bookmarkify\/imagecol.png); background-position:0px -884px'>StumbleUpon<\/a><\/div><div class='bookmarkifySiteLink'><a onclick='target=\"_blank\";' href='http:\/\/technorati.com\/faves?add=https:\/\/socialesyhumanas.umh.es\/en\/2015\/07\/13\/estrategias-de-calidad-docente-en-el-vii-seminario-del-ccssyhh\/' title='Add to my Technorati Favorites' rel='nofollow' style='background-image: url(https:\/\/socialesyhumanas.umh.es\/wp-content\/plugins\/bookmarkify\/imagecol.png); background-position:0px -901px'>Technorati<\/a><\/div><div class='bookmarkifySiteLink'><a onclick='target=\"_blank\";' href='http:\/\/www.thisnext.com\/pick\/new\/submit\/sociable\/?url=https:\/\/socialesyhumanas.umh.es\/en\/2015\/07\/13\/estrategias-de-calidad-docente-en-el-vii-seminario-del-ccssyhh\/&amp;name=Estrategias de calidad docente en el VII Seminario del CCSSyHH' title='Save to ThisNext' rel='nofollow' style='background-image: url(https:\/\/socialesyhumanas.umh.es\/wp-content\/plugins\/bookmarkify\/imagecol.png); background-position:0px -918px'>ThisNext<\/a><\/div><div class='bookmarkifySiteLink'><a onclick='target=\"_blank\";' href='http:\/\/twitter.com\/home\/?status=Estrategias de calidad docente en el VII Seminario del CCSSyHH+https:\/\/socialesyhumanas.umh.es\/en\/2015\/07\/13\/estrategias-de-calidad-docente-en-el-vii-seminario-del-ccssyhh\/' title='Save to Twitter' rel='nofollow' style='background-image: url(https:\/\/socialesyhumanas.umh.es\/wp-content\/plugins\/bookmarkify\/imagecol.png); background-position:0px -1105px'>Twitter<\/a><\/div><div class='bookmarkifySiteLink'><a onclick='target=\"_blank\";' href='http:\/\/webride.org\/discuss\/split.php?uri=https:\/\/socialesyhumanas.umh.es\/en\/2015\/07\/13\/estrategias-de-calidad-docente-en-el-vii-seminario-del-ccssyhh\/&amp;title=Estrategias de calidad docente en el VII Seminario del CCSSyHH' title='Discuss on Webride' rel='nofollow' style='background-image: url(https:\/\/socialesyhumanas.umh.es\/wp-content\/plugins\/bookmarkify\/imagecol.png); background-position:0px -935px'>Webride<\/a><\/div><div class='bookmarkifySiteLink'><a onclick='target=\"_blank\";' href='https:\/\/favorites.live.com\/quickadd.aspx?mkt=en-us&amp;url=https:\/\/socialesyhumanas.umh.es\/en\/2015\/07\/13\/estrategias-de-calidad-docente-en-el-vii-seminario-del-ccssyhh\/&amp;title=Estrategias de calidad docente en el VII Seminario del CCSSyHH' title='Save to Windows Live' rel='nofollow' style='background-image: url(https:\/\/socialesyhumanas.umh.es\/wp-content\/plugins\/bookmarkify\/imagecol.png); background-position:0px -952px'>Windows Live<\/a><\/div><div class='bookmarkifySiteLink'><a onclick='target=\"_blank\";' href='http:\/\/bookmarks.yahoo.com\/toolbar\/savebm?opener=tb&amp;u=https:\/\/socialesyhumanas.umh.es\/en\/2015\/07\/13\/estrategias-de-calidad-docente-en-el-vii-seminario-del-ccssyhh\/&amp;t=Estrategias de calidad docente en el VII Seminario del CCSSyHH' title='Save to Yahoo! Bookmarks' rel='nofollow' style='background-image: url(https:\/\/socialesyhumanas.umh.es\/wp-content\/plugins\/bookmarkify\/imagecol.png); background-position:0px -969px'>Yahoo!<\/a><\/div><\/td><\/tr><\/table><\/div><div class='bookmarkifyEmail'><a rel='nofollow' href='http:\/\/www.feedburner.com\/fb\/a\/emailFlare?loc=en_US&amp;itemTitle=Estrategias de calidad docente en el VII Seminario del CCSSyHH&amp;uri=https:\/\/socialesyhumanas.umh.es\/en\/2015\/07\/13\/estrategias-de-calidad-docente-en-el-vii-seminario-del-ccssyhh\/' style='background-image: url(https:\/\/socialesyhumanas.umh.es\/wp-content\/plugins\/bookmarkify\/imagecol.png); background-position:0px -1003px;'>Email This to a Friend<\/a><\/div><div class='bookmarkifyCopyHTML'>&nbsp;&nbsp;Link HTML:&nbsp;<input readonly='readonly' onclick='this.select();' type='text' value='&lt;a href=\"https:\/\/socialesyhumanas.umh.es\/en\/2015\/07\/13\/estrategias-de-calidad-docente-en-el-vii-seminario-del-ccssyhh\/\"&gt;Estrategias de calidad docente en el VII Seminario del CCSSyHH&lt;\/a&gt;' size='84' title='Copy this HTML to create a link to this page' \/><\/div><div class='bookmarkifyCopyHTML'>&nbsp;Permalink:&nbsp;<input readonly='readonly' onclick='this.select();' type='text' value='https:\/\/socialesyhumanas.umh.es\/en\/2015\/07\/13\/estrategias-de-calidad-docente-en-el-vii-seminario-del-ccssyhh\/' size='84' title='Copy this Permalink' \/><\/div><div class='bookmarkifySubscribe'><span class='bookmarkifySubscribeIcon' style='background-image: url(https:\/\/socialesyhumanas.umh.es\/wp-content\/plugins\/bookmarkify\/imagecol.png); background-position:0px -1020px;'>&nbsp;<\/span>If you like this then please subscribe to the <a href='https:\/\/socialesyhumanas.umh.es\/en\/feed\/' onclick='target=\"_blank\";' rel='nofollow'>RSS Feed<\/a>.<\/div><div class='bookmarkifyPoweredBy'><a href='http:\/\/www.bookmarkify.com\/'>Powered by Bookmarkify&trade;<\/a><\/div><\/div><div class='linkbuttons'><a href='http:\/\/www.facebook.com\/share.php?u=https:\/\/socialesyhumanas.umh.es\/en\/2015\/07\/13\/estrategias-de-calidad-docente-en-el-vii-seminario-del-ccssyhh\/' title='Save to Facebook' onclick='target=\"_blank\";' rel='nofollow'><img src='https:\/\/socialesyhumanas.umh.es\/wp-content\/plugins\/bookmarkify\/facebook.png' style='width:16px; height:16px;' alt='[Facebook] ' \/><\/a> <a href='http:\/\/twitter.com\/home\/?status=Estrategias de calidad docente en el VII Seminario del CCSSyHH+https:\/\/socialesyhumanas.umh.es\/en\/2015\/07\/13\/estrategias-de-calidad-docente-en-el-vii-seminario-del-ccssyhh\/' title='Save to Twitter' onclick='target=\"_blank\";' rel='nofollow'><img src='https:\/\/socialesyhumanas.umh.es\/wp-content\/plugins\/bookmarkify\/twitter.png' style='width:16px; height:16px;' alt='[Twitter] ' \/><\/a>  <a title='See more bookmark and sharing options...' href='https:\/\/socialesyhumanas.umh.es\/en\/2015\/07\/13\/estrategias-de-calidad-docente-en-el-vii-seminario-del-ccssyhh\/#bookmarkify' onclick='document.getElementById(\"bookmarkifyMore1\").style.display=\"block\"; return false;' rel='nofollow'><small>More&nbsp;&raquo;<\/small><\/a><\/div><\/div>","protected":false},"excerpt":{"rendered":"<p>El Seminario del Departamento de Ciencias Sociales y Humanas de la UMH dedic\u00f3 su s\u00e9ptima edici\u00f3n al fomento de la calidad en la docencia. M\u00aa Asunci\u00f3n Mart\u00ednez Mayoral, Vicerrectora Adjunta de Investigaci\u00f3n e Innovaci\u00f3n para la Innovaci\u00f3n tecnol\u00f3gica, explic\u00f3 las claves de los programas que la universidad tiene en marcha para impulsar la innovaci\u00f3n en [&#8230;]<\/p>\n","protected":false},"author":1138,"featured_media":0,"comment_status":"closed","ping_status":"open","sticky":false,"template":"","format":"standard","meta":{"ngg_post_thumbnail":0,"_links_to":"","_links_to_target":""},"categories":[15853],"tags":[],"_links":{"self":[{"href":"https:\/\/socialesyhumanas.umh.es\/en\/wp-json\/wp\/v2\/posts\/382"}],"collection":[{"href":"https:\/\/socialesyhumanas.umh.es\/en\/wp-json\/wp\/v2\/posts"}],"about":[{"href":"https:\/\/socialesyhumanas.umh.es\/en\/wp-json\/wp\/v2\/types\/post"}],"author":[{"embeddable":true,"href":"https:\/\/socialesyhumanas.umh.es\/en\/wp-json\/wp\/v2\/users\/1138"}],"replies":[{"embeddable":true,"href":"https:\/\/socialesyhumanas.umh.es\/en\/wp-json\/wp\/v2\/comments?post=382"}],"version-history":[{"count":0,"href":"https:\/\/socialesyhumanas.umh.es\/en\/wp-json\/wp\/v2\/posts\/382\/revisions"}],"wp:attachment":[{"href":"https:\/\/socialesyhumanas.umh.es\/en\/wp-json\/wp\/v2\/media?parent=382"}],"wp:term":[{"taxonomy":"category","embeddable":true,"href":"https:\/\/socialesyhumanas.umh.es\/en\/wp-json\/wp\/v2\/categories?post=382"},{"taxonomy":"post_tag","embeddable":true,"href":"https:\/\/socialesyhumanas.umh.es\/en\/wp-json\/wp\/v2\/tags?post=382"}],"curies":[{"name":"wp","href":"https:\/\/api.w.org\/{rel}","templated":true}]}}